{"id":282,"date":"2017-12-22T12:12:15","date_gmt":"2017-12-22T11:12:15","guid":{"rendered":"https:\/\/www.cepaoarsoaldeahhi.com\/?p=282\/"},"modified":"2017-12-22T12:13:40","modified_gmt":"2017-12-22T11:13:40","slug":"matrikula-urtarrilak-27-otsailak-3","status":"publish","type":"post","link":"https:\/\/www.cepaoarsoaldeahhi.com\/es\/blog\/matrikula-urtarrilak-27-otsailak-3\/","title":{"rendered":"MATR\u00cdCULA: Del 26 de enero  al 9 de febrero del 2018"},"content":{"rendered":"<h1><a href=\"https:\/\/www.cepaoarsoaldeahhi.com\/wp-content\/uploads\/2017\/06\/matrikula_2018_es.jpg\"><img loading=\"lazy\" decoding=\"async\" class=\"aligncenter size-full wp-image-378\" src=\"https:\/\/www.cepaoarsoaldeahhi.com\/wp-content\/uploads\/2017\/06\/matrikula_2018_es.jpg\" alt=\"\" width=\"684\" height=\"246\" srcset=\"https:\/\/www.cepaoarsoaldeahhi.com\/wp-content\/uploads\/2017\/06\/matrikula_2018_es.jpg 684w, https:\/\/www.cepaoarsoaldeahhi.com\/wp-content\/uploads\/2017\/06\/matrikula_2018_es-300x108.jpg 300w\" sizes=\"auto, (max-width: 684px) 100vw, 684px\" \/><\/a><\/h1>\n<h2><strong>Informaci\u00f3n sobre matriculaci\u00f3n<\/strong><\/h2>\n<h3><strong><span style=\"text-decoration: underline;\">Plazos&nbsp;<\/span> <\/strong><\/h3>\n<p>Del 26 de enero al 9 de febrero del 2018<\/p>\n<h3><span style=\"text-decoration: underline;\"><strong>Oferta educativa en formaci\u00f3n reglada<\/strong><\/span><\/h3>\n<h4><span style=\"color: #008080;\">GI Alfabetizaci\u00f3n. 10 horas semanales . Turnos de ma\u00f1ana y tarde. materias que se imparten:<\/span><\/h4>\n<ul>\n<li>Lectura y escritura<\/li>\n<li>C\u00e1lculo b\u00e1sico<\/li>\n<\/ul>\n<p><strong>*ES OBLIGATORIO CURSAR TODAS LOS \u00c1MBITOS A LA VEZ<\/strong><\/p>\n<h4><span style=\"color: #008080;\">GII&nbsp;&nbsp;&nbsp;&nbsp;Proceso intermedio para llegar a GIII (ESO) o simplemente para ampliar conocimientos. &nbsp;12 horas semanales y se divide en&nbsp;\u00e1mbitos. Grupos de ma\u00f1ana o tarde. Materias que se imparten:<\/span><\/h4>\n<p><strong>*NO ES OBLIGATORIO CURSAR TODOS LOS \u00c1MBITOS A LA VEZ<\/strong><\/p>\n<h4><span style=\"color: #008080;\">GIII&nbsp;&nbsp;&nbsp;&nbsp;ESO. Superar este grado supone obtener un Graduado en educaci\u00f3n Secundaria. 15 horas semanales . Los m\u00f3dulos 1 (1\u00ba ESO) y 3 (3\u00ba ESO) se impartir\u00e1n de ma\u00f1ana el primer cuatrimestre y los m\u00f3dulos 2 (2\u00ba ESO) y 4 (4\u00ba ESO) por la tarde. Materias que se imparten:<\/span><\/h4>\n<p><strong>M\u00d3DULO 1:<\/strong><\/p>\n<ul>\n<li>Comunicaci\u00f3n: lengua castellana y literatura,&nbsp;euskera&nbsp;e idioma extranjero<\/li>\n<li>&nbsp;Cient\u00edfico Tecnol\u00f3giko: matem\u00e1ticas y ciencias naturales<\/li>\n<li>Social: geograf\u00eda e historia<\/li>\n<\/ul>\n<p><strong>M\u00d3DULO 2:<\/strong><\/p>\n<ul>\n<li>Comunicaci\u00f3n: lengua castellana y literatura,&nbsp;euskera&nbsp;e idioma extranjero<\/li>\n<li>&nbsp;Cient\u00edfico Tecnol\u00f3giko: matem\u00e1ticas y ciencias naturales<\/li>\n<li>Social: geograf\u00eda e historia<\/li>\n<\/ul>\n<p><strong>M\u00d3DULO 3:<\/strong><\/p>\n<ul>\n<li>Comunicaci\u00f3n: lengua castellana y literatura,&nbsp;euskera&nbsp;e idioma extranjero<\/li>\n<li>&nbsp;Cient\u00edfico Tecnol\u00f3giko: matem\u00e1ticas y&nbsp;f\u00edsica<\/li>\n<li>Social: geograf\u00eda e historia<\/li>\n<\/ul>\n<p><strong>M\u00d3DULO 4:<\/strong><\/p>\n<ul>\n<li>Comunicaci\u00f3n: lengua castellana y literatura,&nbsp;euskera&nbsp;e idioma extranjero<\/li>\n<li>&nbsp;Cient\u00edfico Tecnol\u00f3giko: matem\u00e1ticas y qu\u00edmica<\/li>\n<li>Social: geograf\u00eda e historia<\/li>\n<\/ul>\n<p><strong>*NO ES OBLIGATORIO CURSAR TODOS LOS \u00c1MBITOS A LA VEZ<\/strong><\/p>\n<h3><span style=\"text-decoration: underline;\"><strong>Oferta educativa en formaci\u00f3n no reglada<\/strong><\/span><\/h3>\n<h3><span style=\"color: #800080;\"> INFORMACI\u00d3N DE CURSOS, HORARIOS Y PROFESORES A PARTIR DEL 11 DE SEPTIEMBRE<\/span><\/h3>\n<p>&nbsp;<\/p>\n","protected":false},"excerpt":{"rendered":"<p>Informaci\u00f3n sobre matriculaci\u00f3n Plazos&nbsp; Del 26 de enero al 9 de febrero del 2018 Oferta educativa en formaci\u00f3n reglada GI Alfabetizaci\u00f3n. 10 horas semanales . Turnos de ma\u00f1ana y tarde. materias que se imparten: Lectura y escritura C\u00e1lculo b\u00e1sico *ES OBLIGATORIO CURSAR TODAS LOS \u00c1MBITOS A LA VEZ GII&nbsp;&nbsp;&nbsp;&nbsp;Proceso intermedio para llegar a GIII (ESO) [&hellip;]<\/p>\n","protected":false},"author":1,"featured_media":0,"comment_status":"closed","ping_status":"closed","sticky":false,"template":"","format":"standard","meta":{"ngg_post_thumbnail":0,"footnotes":""},"categories":[2],"tags":[],"class_list":["post-282","post","type-post","status-publish","format-standard","hentry","category-sin-categorizar"],"_links":{"self":[{"href":"https:\/\/www.cepaoarsoaldeahhi.com\/es\/wp-json\/wp\/v2\/posts\/282","targetHints":{"allow":["GET"]}}],"collection":[{"href":"https:\/\/www.cepaoarsoaldeahhi.com\/es\/wp-json\/wp\/v2\/posts"}],"about":[{"href":"https:\/\/www.cepaoarsoaldeahhi.com\/es\/wp-json\/wp\/v2\/types\/post"}],"author":[{"embeddable":true,"href":"https:\/\/www.cepaoarsoaldeahhi.com\/es\/wp-json\/wp\/v2\/users\/1"}],"replies":[{"embeddable":true,"href":"https:\/\/www.cepaoarsoaldeahhi.com\/es\/wp-json\/wp\/v2\/comments?post=282"}],"version-history":[{"count":8,"href":"https:\/\/www.cepaoarsoaldeahhi.com\/es\/wp-json\/wp\/v2\/posts\/282\/revisions"}],"predecessor-version":[{"id":303,"href":"https:\/\/www.cepaoarsoaldeahhi.com\/es\/wp-json\/wp\/v2\/posts\/282\/revisions\/303"}],"wp:attachment":[{"href":"https:\/\/www.cepaoarsoaldeahhi.com\/es\/wp-json\/wp\/v2\/media?parent=282"}],"wp:term":[{"taxonomy":"category","embeddable":true,"href":"https:\/\/www.cepaoarsoaldeahhi.com\/es\/wp-json\/wp\/v2\/categories?post=282"},{"taxonomy":"post_tag","embeddable":true,"href":"https:\/\/www.cepaoarsoaldeahhi.com\/es\/wp-json\/wp\/v2\/tags?post=282"}],"curies":[{"name":"wp","href":"https:\/\/api.w.org\/{rel}","templated":true}]}}